{"id":982,"date":"2022-10-13T16:29:54","date_gmt":"2022-10-13T14:29:54","guid":{"rendered":"https:\/\/wecycle.sanktjoseph.dk\/?p=982"},"modified":"2022-10-13T16:29:55","modified_gmt":"2022-10-13T14:29:55","slug":"stop-madspild-og-oekoesystem-hvad-synes-de-om-ugen","status":"publish","type":"post","link":"https:\/\/wecycle.sanktjoseph.dk\/?p=982","title":{"rendered":"Stop madspild og \u00d8k\u00f8system hvad synes de om ugen?"},"content":{"rendered":"\n<p><br>Christian8.I, stop mad spild:<\/p>\n\n\n\n<figure class=\"wp-block-image size-large is-resized is-style-default\"><img loading=\"lazy\" decoding=\"async\" src=\"https:\/\/wecycle.sanktjoseph.dk\/wp-content\/uploads\/2022\/10\/F5015453-D6F5-40B9-883B-F8281A43B495-768x1024.jpg\" alt=\"\" class=\"wp-image-868\" width=\"329\" height=\"438\" srcset=\"https:\/\/wecycle.sanktjoseph.dk\/wp-content\/uploads\/2022\/10\/F5015453-D6F5-40B9-883B-F8281A43B495-768x1024.jpg 768w, https:\/\/wecycle.sanktjoseph.dk\/wp-content\/uploads\/2022\/10\/F5015453-D6F5-40B9-883B-F8281A43B495-225x300.jpg 225w, https:\/\/wecycle.sanktjoseph.dk\/wp-content\/uploads\/2022\/10\/F5015453-D6F5-40B9-883B-F8281A43B495-1152x1536.jpg 1152w, https:\/\/wecycle.sanktjoseph.dk\/wp-content\/uploads\/2022\/10\/F5015453-D6F5-40B9-883B-F8281A43B495-1536x2048.jpg 1536w, https:\/\/wecycle.sanktjoseph.dk\/wp-content\/uploads\/2022\/10\/F5015453-D6F5-40B9-883B-F8281A43B495-scaled.jpg 1920w\" sizes=\"auto, (max-width: 329px) 100vw, 329px\" \/><figcaption>Gruppen stop madspild igang med at redigere deres video som forklare om hvorfor det er vigtigt ikke at spilde mad. Billled af Sam 8.A<\/figcaption><\/figure>\n\n\n\n<pre class=\"wp-block-code\"><code>Hvordan tror du denne uge bliver?\n1. H\u00e5rdt fordi jeg ikke kan lide at lave mad\nHvad tror du bliver sv\u00e6rt\n2. En video vi skal lave om madspild\nHvad gl\u00e6der du dig til\n3.  Jeg gl\u00e6der mig til st s\u00e6lge mad til mine for\u00e6ldre\nHvad vil du have ud af ugen\n4.  Blive bedre til ikke at spilde mad\nHvordan har du det med denne uge \n5.  Vi skal l\u00e6re at v\u00e6re sammen med dem fra forskellige klasser\nHvorfor tror du at vi har denne uge\n6.  Min plan for ugen er at g\u00f8re mit bedste for at ikke at spilde noget mad<\/code><\/pre>\n\n\n\n<p>Skamler og overtr\u00e6k, Lauritz 8.A<\/p>\n\n\n\n<figure class=\"wp-block-image size-large is-resized\"><img loading=\"lazy\" decoding=\"async\" src=\"https:\/\/wecycle.sanktjoseph.dk\/wp-content\/uploads\/2022\/10\/332A031F-D34C-486A-A0EA-C653344A10A0-768x1024.jpg\" alt=\"\" class=\"wp-image-876\" width=\"383\" height=\"511\" srcset=\"https:\/\/wecycle.sanktjoseph.dk\/wp-content\/uploads\/2022\/10\/332A031F-D34C-486A-A0EA-C653344A10A0-768x1024.jpg 768w, https:\/\/wecycle.sanktjoseph.dk\/wp-content\/uploads\/2022\/10\/332A031F-D34C-486A-A0EA-C653344A10A0-225x300.jpg 225w, https:\/\/wecycle.sanktjoseph.dk\/wp-content\/uploads\/2022\/10\/332A031F-D34C-486A-A0EA-C653344A10A0-1152x1536.jpg 1152w, https:\/\/wecycle.sanktjoseph.dk\/wp-content\/uploads\/2022\/10\/332A031F-D34C-486A-A0EA-C653344A10A0-1536x2048.jpg 1536w, https:\/\/wecycle.sanktjoseph.dk\/wp-content\/uploads\/2022\/10\/332A031F-D34C-486A-A0EA-C653344A10A0-scaled.jpg 1920w\" sizes=\"auto, (max-width: 383px) 100vw, 383px\" \/><figcaption>Skamleholdet rydder op efter maling p\u00e5 gulvet. Billed taget af Sam 8.I<\/figcaption><\/figure>\n\n\n\n<pre class=\"wp-block-code\"><code>Hvordan tror du denne uge bliver \n1.  Jeg tror det bliver meget fedt jeg fordi jeg f\u00e5r nogle andre l\u00e6re og udforske min kreative side.\nHvad tror du bliver sv\u00e6rt \n2.  At skulle male hele tiden\nHvad gl\u00e6der du dig til\n3.  Jeg gl\u00e6der mig til at se min skammel n\u00e5r den er f\u00e6rdig\nHvad vil du have ud af den her uge\n4.  Mit m\u00e5l er at blive bedre til at male\nHvordan har du det med den her uge\n5.  Jeg synes det er fedt fordi man giver noget af det man har  til andre mennesker som har brug for det. \nHvorfor tror du at vi har den her uge \n6.  For at l\u00e6re hvordan man behandler mennesker og hj\u00e6lpe dem der har brug for det\nHvad er din plan for ugen\n7.  Male en flot skammel og f\u00e5 min mor til at bruge en masse penge p\u00e5 at hj\u00e6lpe fattige<\/code><\/pre>\n\n\n\n<p>Elias 7.B , \u00f8kosystem<\/p>\n\n\n\n<figure class=\"wp-block-image size-large is-resized\"><img loading=\"lazy\" decoding=\"async\" src=\"https:\/\/wecycle.sanktjoseph.dk\/wp-content\/uploads\/2022\/10\/E6642B48-2A0E-49FA-9135-4CE8E06EA4E5-768x1024.jpg\" alt=\"\" class=\"wp-image-879\" width=\"265\" height=\"353\" srcset=\"https:\/\/wecycle.sanktjoseph.dk\/wp-content\/uploads\/2022\/10\/E6642B48-2A0E-49FA-9135-4CE8E06EA4E5-768x1024.jpg 768w, https:\/\/wecycle.sanktjoseph.dk\/wp-content\/uploads\/2022\/10\/E6642B48-2A0E-49FA-9135-4CE8E06EA4E5-225x300.jpg 225w, https:\/\/wecycle.sanktjoseph.dk\/wp-content\/uploads\/2022\/10\/E6642B48-2A0E-49FA-9135-4CE8E06EA4E5-1152x1536.jpg 1152w, https:\/\/wecycle.sanktjoseph.dk\/wp-content\/uploads\/2022\/10\/E6642B48-2A0E-49FA-9135-4CE8E06EA4E5-1536x2048.jpg 1536w, https:\/\/wecycle.sanktjoseph.dk\/wp-content\/uploads\/2022\/10\/E6642B48-2A0E-49FA-9135-4CE8E06EA4E5-scaled.jpg 1920w\" sizes=\"auto, (max-width: 265px) 100vw, 265px\" \/><figcaption>\u00d8kosystem i et glas, billed taget af Isac 8.A<\/figcaption><\/figure>\n\n\n\n<pre class=\"wp-block-code\"><code>Hvordan tror du denne uge bliver\n1.  Jeg tror det bliver en sp\u00e6nede uge fordi den er anderledes og jeg kommer til at snakke med nogen jeg ikke ser s\u00e5 tit\nHvad tror du bliver sv\u00e6rt\n2.  Jeg tror det bliver sv\u00e6rt at pr\u00f8ve nye ting fordi hvis man er alene i noget er det sv\u00e6rt\nHvad gl\u00e6der du dig til\n3.  At man skal v\u00e6re mere fri og man ikke skal sidde i en klasse hele dagen\nHvad vil du have ud af den her uge\n4.  Hygge og f\u00e6llesskab\nHvordan har du det med den her uge\n5.  Jeg synes den er fin nok fordi man har mere frihed men det er et kedeligt emne vi har om. Jeg synes det er kedeligt fordi jeg ikke kommer til at leve n\u00e5r jorden g\u00e5r under\nHvorfor tror du at vi har denne uge\n6.For at vores tip oldeb\u00f8rn kan leve\nHvad er din plan for ugen\n7.  At v\u00e6re ude og hj\u00e6lpe s\u00e5 meget som muligt<\/code><\/pre>\n","protected":false},"excerpt":{"rendered":"<p>Christian8.I, stop mad spild: Skamler og overtr\u00e6k, Lauritz 8.A Elias 7.B , \u00f8kosystem<\/p>\n","protected":false},"author":16,"featured_media":1276,"comment_status":"closed","ping_status":"closed","sticky":false,"template":"","format":"standard","meta":{"footnotes":""},"categories":[28,1],"tags":[74,95,56,94],"class_list":["post-982","post","type-post","status-publish","format-standard","has-post-thumbnail","hentry","category-stop-madspil","category-uncategorized","tag-gruppe-11","tag-gruppe-16","tag-madspild","tag-stop-madspild"],"_links":{"self":[{"href":"https:\/\/wecycle.sanktjoseph.dk\/index.php?rest_route=\/wp\/v2\/posts\/982","targetHints":{"allow":["GET"]}}],"collection":[{"href":"https:\/\/wecycle.sanktjoseph.dk\/index.php?rest_route=\/wp\/v2\/posts"}],"about":[{"href":"https:\/\/wecycle.sanktjoseph.dk\/index.php?rest_route=\/wp\/v2\/types\/post"}],"author":[{"embeddable":true,"href":"https:\/\/wecycle.sanktjoseph.dk\/index.php?rest_route=\/wp\/v2\/users\/16"}],"replies":[{"embeddable":true,"href":"https:\/\/wecycle.sanktjoseph.dk\/index.php?rest_route=%2Fwp%2Fv2%2Fcomments&post=982"}],"version-history":[{"count":2,"href":"https:\/\/wecycle.sanktjoseph.dk\/index.php?rest_route=\/wp\/v2\/posts\/982\/revisions"}],"predecessor-version":[{"id":1326,"href":"https:\/\/wecycle.sanktjoseph.dk\/index.php?rest_route=\/wp\/v2\/posts\/982\/revisions\/1326"}],"wp:featuredmedia":[{"embeddable":true,"href":"https:\/\/wecycle.sanktjoseph.dk\/index.php?rest_route=\/wp\/v2\/media\/1276"}],"wp:attachment":[{"href":"https:\/\/wecycle.sanktjoseph.dk\/index.php?rest_route=%2Fwp%2Fv2%2Fmedia&parent=982"}],"wp:term":[{"taxonomy":"category","embeddable":true,"href":"https:\/\/wecycle.sanktjoseph.dk\/index.php?rest_route=%2Fwp%2Fv2%2Fcategories&post=982"},{"taxonomy":"post_tag","embeddable":true,"href":"https:\/\/wecycle.sanktjoseph.dk\/index.php?rest_route=%2Fwp%2Fv2%2Ftags&post=982"}],"curies":[{"name":"wp","href":"https:\/\/api.w.org\/{rel}","templated":true}]}}