{"id":833,"date":"2022-10-12T10:59:43","date_gmt":"2022-10-12T08:59:43","guid":{"rendered":"https:\/\/wecycle.sanktjoseph.dk\/?p=833"},"modified":"2022-10-12T11:13:32","modified_gmt":"2022-10-12T09:13:32","slug":"paa-vaerksted-12-fletter-man-bordskaanere-og-noegleringe-af-genbrugt-stof-og-garn","status":"publish","type":"post","link":"https:\/\/wecycle.sanktjoseph.dk\/?p=833","title":{"rendered":"P\u00e5 v\u00e6rksted 12 fletter man bordsk\u00e5nere og n\u00f8gleringe af genbrugt stof og garn"},"content":{"rendered":"\n<p>I v\u00e6rkstedet Flettede Tekstiler er man i fuld gang med at flette genbrugt stof og garn. De laver nemlig bordsk\u00e5nere og n\u00f8gleringe ud af det, som de s\u00e6lger torsdag.&nbsp;<\/p>\n\n\n\n<p><br>\u201cDet er meget afslappende. Det er hyggeligt at man kan sidde og snakke med sine venner imens.\u201d Fort\u00e6ller Emilia. \u201cDet er ikke super sv\u00e6rt at flette, men det er heller ikke let.\u201d Siger Mille.<\/p>\n\n\n\n<p>Det stof og garn der bliver brugt er alt sammen genbrug.<\/p>\n\n\n\n<figure class=\"wp-block-image size-large is-resized\"><img loading=\"lazy\" decoding=\"async\" src=\"https:\/\/wecycle.sanktjoseph.dk\/wp-content\/uploads\/2022\/10\/IMG_20221012_103139-1024x768.jpg\" alt=\"\" class=\"wp-image-843\" width=\"603\" height=\"452\" srcset=\"https:\/\/wecycle.sanktjoseph.dk\/wp-content\/uploads\/2022\/10\/IMG_20221012_103139-1024x768.jpg 1024w, https:\/\/wecycle.sanktjoseph.dk\/wp-content\/uploads\/2022\/10\/IMG_20221012_103139-300x225.jpg 300w, https:\/\/wecycle.sanktjoseph.dk\/wp-content\/uploads\/2022\/10\/IMG_20221012_103139-768x576.jpg 768w, https:\/\/wecycle.sanktjoseph.dk\/wp-content\/uploads\/2022\/10\/IMG_20221012_103139-1536x1152.jpg 1536w, https:\/\/wecycle.sanktjoseph.dk\/wp-content\/uploads\/2022\/10\/IMG_20221012_103139-2048x1536.jpg 2048w\" sizes=\"auto, (max-width: 603px) 100vw, 603px\" \/><\/figure>\n","protected":false},"excerpt":{"rendered":"<p>I v\u00e6rkstedet Flettede Tekstiler er man i fuld gang med at flette genbrugt stof og garn. De laver nemlig bordsk\u00e5nere og n\u00f8gleringe ud af det, som de s\u00e6lger torsdag.&nbsp; \u201cDet er meget afslappende. Det er hyggeligt at man kan sidde og snakke med sine venner imens.\u201d Fort\u00e6ller Emilia. \u201cDet er ikke super sv\u00e6rt at flette, [&hellip;]<\/p>\n","protected":false},"author":14,"featured_media":846,"comment_status":"closed","ping_status":"closed","sticky":false,"template":"","format":"standard","meta":{"footnotes":""},"categories":[29],"tags":[168,170,162,70,173,61,171,90,125,64,48,169,172],"class_list":["post-833","post","type-post","status-publish","format-standard","has-post-thumbnail","hentry","category-flettet-tekstiler","tag-afslappende","tag-bordskaanere","tag-flette","tag-genbrug","tag-genbrugt-stof","tag-god-stemning","tag-gran","tag-gruppe-12","tag-hygge","tag-klima","tag-kreativ","tag-noegleringe","tag-stof"],"_links":{"self":[{"href":"https:\/\/wecycle.sanktjoseph.dk\/index.php?rest_route=\/wp\/v2\/posts\/833","targetHints":{"allow":["GET"]}}],"collection":[{"href":"https:\/\/wecycle.sanktjoseph.dk\/index.php?rest_route=\/wp\/v2\/posts"}],"about":[{"href":"https:\/\/wecycle.sanktjoseph.dk\/index.php?rest_route=\/wp\/v2\/types\/post"}],"author":[{"embeddable":true,"href":"https:\/\/wecycle.sanktjoseph.dk\/index.php?rest_route=\/wp\/v2\/users\/14"}],"replies":[{"embeddable":true,"href":"https:\/\/wecycle.sanktjoseph.dk\/index.php?rest_route=%2Fwp%2Fv2%2Fcomments&post=833"}],"version-history":[{"count":3,"href":"https:\/\/wecycle.sanktjoseph.dk\/index.php?rest_route=\/wp\/v2\/posts\/833\/revisions"}],"predecessor-version":[{"id":904,"href":"https:\/\/wecycle.sanktjoseph.dk\/index.php?rest_route=\/wp\/v2\/posts\/833\/revisions\/904"}],"wp:featuredmedia":[{"embeddable":true,"href":"https:\/\/wecycle.sanktjoseph.dk\/index.php?rest_route=\/wp\/v2\/media\/846"}],"wp:attachment":[{"href":"https:\/\/wecycle.sanktjoseph.dk\/index.php?rest_route=%2Fwp%2Fv2%2Fmedia&parent=833"}],"wp:term":[{"taxonomy":"category","embeddable":true,"href":"https:\/\/wecycle.sanktjoseph.dk\/index.php?rest_route=%2Fwp%2Fv2%2Fcategories&post=833"},{"taxonomy":"post_tag","embeddable":true,"href":"https:\/\/wecycle.sanktjoseph.dk\/index.php?rest_route=%2Fwp%2Fv2%2Ftags&post=833"}],"curies":[{"name":"wp","href":"https:\/\/api.w.org\/{rel}","templated":true}]}}