{"id":739,"date":"2022-10-12T09:58:50","date_gmt":"2022-10-12T07:58:50","guid":{"rendered":"https:\/\/wecycle.sanktjoseph.dk\/?p=739"},"modified":"2022-10-12T19:56:32","modified_gmt":"2022-10-12T17:56:32","slug":"vaerkstedet-den-levende-fortaelling-saetter-sidste-haand-paa-deres-vaerker","status":"publish","type":"post","link":"https:\/\/wecycle.sanktjoseph.dk\/?p=739","title":{"rendered":"V\u00e6rkstedet Den Levende Fort\u00e6lling s\u00e6tter sidste h\u00e5nd p\u00e5 deres v\u00e6rker"},"content":{"rendered":"\n<p>N\u00e5r man g\u00e5r ind i lokale A01, hvor gruppe seks holder til, bliver man m\u00f8dt af en god stemning. Der er b\u00e5de elever der sidder og arbejder alene eller sammen efter eget valg. Eleverne synes, at det er sjovt, hyggeligt, og de er glade for, at de f\u00e5r lov til at bruge deres fantasi.<\/p>\n\n\n\n<p>1-5 klasserne i v\u00e6rkstedet Den Levende Fort\u00e6lling har i ugens l\u00f8b v\u00e6ret i gang med at finde p\u00e5 og skrive historier. P\u00e5 torsdag vil for\u00e6ldre, elever og s\u00f8skende komme ned i fort\u00e6llerhulen og h\u00f8re historierne. Ikke alle elever kan n\u00e5 at fort\u00e6lle, s\u00e5 derfor optager de i dag historierne, som man s\u00e5 kan lytte til som en lydfil. <\/p>\n\n\n\n<p>N\u00e5r eleverne er f\u00e6rdige med deres fort\u00e6llinger, g\u00e5r de i gang med postkort, som gruppen har t\u00e6nkt sig at s\u00e6lge i morgen, torsdag, til for\u00e6ldrene. Eleverne finder fantasien, penalhuset og papir frem og g\u00e5r derefter bare i gang, og man kan se, at der kommer farverige resultater ud af det.<\/p>\n","protected":false},"excerpt":{"rendered":"<p>De ligger i gruppe seks sidste h\u00e5nd p\u00e5 deres projekter, og eleverne er sp\u00e6ndte p\u00e5 i morgen.<\/p>\n","protected":false},"author":8,"featured_media":768,"comment_status":"closed","ping_status":"closed","sticky":false,"template":"","format":"standard","meta":{"footnotes":""},"categories":[23,32],"tags":[145,61,112,48],"class_list":["post-739","post","type-post","status-publish","format-standard","has-post-thumbnail","hentry","category-den-levende-fortaelling","category-fortaelling-poetry","tag-fortaellinger","tag-god-stemning","tag-gruppe-6","tag-kreativ"],"_links":{"self":[{"href":"https:\/\/wecycle.sanktjoseph.dk\/index.php?rest_route=\/wp\/v2\/posts\/739","targetHints":{"allow":["GET"]}}],"collection":[{"href":"https:\/\/wecycle.sanktjoseph.dk\/index.php?rest_route=\/wp\/v2\/posts"}],"about":[{"href":"https:\/\/wecycle.sanktjoseph.dk\/index.php?rest_route=\/wp\/v2\/types\/post"}],"author":[{"embeddable":true,"href":"https:\/\/wecycle.sanktjoseph.dk\/index.php?rest_route=\/wp\/v2\/users\/8"}],"replies":[{"embeddable":true,"href":"https:\/\/wecycle.sanktjoseph.dk\/index.php?rest_route=%2Fwp%2Fv2%2Fcomments&post=739"}],"version-history":[{"count":3,"href":"https:\/\/wecycle.sanktjoseph.dk\/index.php?rest_route=\/wp\/v2\/posts\/739\/revisions"}],"predecessor-version":[{"id":785,"href":"https:\/\/wecycle.sanktjoseph.dk\/index.php?rest_route=\/wp\/v2\/posts\/739\/revisions\/785"}],"wp:featuredmedia":[{"embeddable":true,"href":"https:\/\/wecycle.sanktjoseph.dk\/index.php?rest_route=\/wp\/v2\/media\/768"}],"wp:attachment":[{"href":"https:\/\/wecycle.sanktjoseph.dk\/index.php?rest_route=%2Fwp%2Fv2%2Fmedia&parent=739"}],"wp:term":[{"taxonomy":"category","embeddable":true,"href":"https:\/\/wecycle.sanktjoseph.dk\/index.php?rest_route=%2Fwp%2Fv2%2Fcategories&post=739"},{"taxonomy":"post_tag","embeddable":true,"href":"https:\/\/wecycle.sanktjoseph.dk\/index.php?rest_route=%2Fwp%2Fv2%2Ftags&post=739"}],"curies":[{"name":"wp","href":"https:\/\/api.w.org\/{rel}","templated":true}]}}